{"id":476,"date":"2025-04-06T15:49:50","date_gmt":"2025-04-06T13:49:50","guid":{"rendered":"https:\/\/kunstundbildung.de\/?p=476"},"modified":"2025-04-06T16:13:53","modified_gmt":"2025-04-06T14:13:53","slug":"orte","status":"publish","type":"post","link":"https:\/\/kunstundbildung.de\/?p=476","title":{"rendered":"Orte"},"content":{"rendered":"\n<p>Ein Ort kann nicht nur als ein physisch existierender Ort, sondern auch als subjektiver Bedeutungstr\u00e4ger sowie Schnittstelle f\u00fcr Verbindungen verstanden werden.<sup data-fn=\"cca23750-d894-4dbc-867d-22ff37999574\" class=\"fn\"><a href=\"#cca23750-d894-4dbc-867d-22ff37999574\" id=\"cca23750-d894-4dbc-867d-22ff37999574-link\">1<\/a><\/sup><\/p>\n\n\n\n<p>Ausgehend von dieser These wollen wir einen interaktiven, f\u00fcr alle nutzbaren Ort entstehen lassen, der verbindet. Da viele Kinder in dem Einzugsgebiet Potsdam insbesondere Potsdam Babelsberg wohnen, entstehen hierzu zwei Karten.<br>W\u00e4hrend wir als Projektleitende die Karten mit einem Projektor an Glasscheibe und Wand \u00fcbertragen, bleiben immer wieder beim Vorbeigehen Kinder stehen:<\/p>\n\n\n\n<p><\/p>\n\n\n\n<p class=\"has-text-align-right\"><\/p>\n\n\n\n<blockquote class=\"wp-block-quote is-layout-flow wp-block-quote-is-layout-flow\">\n<p class=\"has-text-align-right\" style=\"font-size:16px\">\u201eWas macht ihr hier?\u201c, \u201eDa wohne ich!\u201c<br>\u201eMeine Stra\u00dfe fehlt noch\u201c<\/p>\n<\/blockquote>\n\n\n\n<p>Wir treffen uns mehrmals und mit jedem Mal wachsen die Karten mehr und mehr.<\/p>\n\n\n\n<figure class=\"wp-block-image size-large\"><img loading=\"lazy\" decoding=\"async\" width=\"2560\" height=\"1707\" src=\"https:\/\/kunstundbildung.de\/wp-content\/uploads\/2025\/04\/PXL_20250227_111505608-2-edited-scaled.jpg\" alt=\"\" class=\"wp-image-486\" srcset=\"https:\/\/kunstundbildung.de\/wp-content\/uploads\/2025\/04\/PXL_20250227_111505608-2-edited-scaled.jpg 2560w, https:\/\/kunstundbildung.de\/wp-content\/uploads\/2025\/04\/PXL_20250227_111505608-2-edited-300x200.jpg 300w, https:\/\/kunstundbildung.de\/wp-content\/uploads\/2025\/04\/PXL_20250227_111505608-2-edited-1024x683.jpg 1024w, https:\/\/kunstundbildung.de\/wp-content\/uploads\/2025\/04\/PXL_20250227_111505608-2-edited-768x512.jpg 768w, https:\/\/kunstundbildung.de\/wp-content\/uploads\/2025\/04\/PXL_20250227_111505608-2-edited-1536x1024.jpg 1536w, https:\/\/kunstundbildung.de\/wp-content\/uploads\/2025\/04\/PXL_20250227_111505608-2-edited-2048x1366.jpg 2048w\" sizes=\"auto, (max-width: 2560px) 100vw, 2560px\" \/><\/figure>\n\n\n\n<blockquote class=\"wp-block-quote is-layout-flow wp-block-quote-is-layout-flow\">\n<p style=\"font-size:16px\">\u201eLetzte Woche war das da noch nicht da\u201c<br>\u201eIhr m\u00fcsst da noch hinschreiben, was das ist!\u201c<\/p>\n<\/blockquote>\n\n\n\n<p><\/p>\n\n\n\n<p>Nachdem die Karten fertig sind, kleben wir Sticker an die entsprechenden Orte. Geleitet von der Frage \u201aWas ist dein Lieblingsort?\u2018 haben Kinder Sprachaufnahmen erstellt. Diese sind auf einem Aufnahmestift gespeichert und lassen sich durch Antippen des jeweiligen Stickers abspielen.<br>Nun kann unsere Karten erz\u00e4hlen, warum ein Ort f\u00fcr jemanden ein Lieblingsort ist und welche Erinnerungen, Gef\u00fchle und Verbindungen ihn bedeutsam machen.<\/p>\n\n\n\n<p>Es stoppen immer wieder andere Kinder und h\u00f6ren sich nickend, ungeduldig oder neugierig die unterschiedlichen Geschichten an.<\/p>\n\n\n\n<p class=\"has-text-align-right\"><\/p>\n\n\n\n<blockquote class=\"wp-block-quote is-layout-flow wp-block-quote-is-layout-flow\">\n<p class=\"has-text-align-right\" style=\"font-size:16px\">\u201eDas Thalia-Kino mag ich auch!\u201c \u201eDas kenne ich!\u201c<\/p>\n<\/blockquote>\n\n\n\n<p>Unter die Karte von Potsdam erg\u00e4nzen wir Fragen: Wo f\u00fchlst du dich stark? Wo triffst du deine Freunde? \u00dcber welchen Ort gibt es eine Geschichte zu erz\u00e4hlen? Wo bist du gl\u00fccklich?<\/p>\n\n\n\n<div class=\"wp-block-group is-nowrap is-layout-flex wp-container-core-group-is-layout-6c531013 wp-block-group-is-layout-flex\">\n<figure class=\"wp-block-image size-large is-resized\"><img loading=\"lazy\" decoding=\"async\" width=\"769\" height=\"1024\" src=\"https:\/\/kunstundbildung.de\/wp-content\/uploads\/2025\/04\/PXL_20250306_085111020-769x1024.jpg\" alt=\"\" class=\"wp-image-478\" style=\"width:520px;height:auto\" srcset=\"https:\/\/kunstundbildung.de\/wp-content\/uploads\/2025\/04\/PXL_20250306_085111020-769x1024.jpg 769w, https:\/\/kunstundbildung.de\/wp-content\/uploads\/2025\/04\/PXL_20250306_085111020-225x300.jpg 225w, https:\/\/kunstundbildung.de\/wp-content\/uploads\/2025\/04\/PXL_20250306_085111020-768x1023.jpg 768w, https:\/\/kunstundbildung.de\/wp-content\/uploads\/2025\/04\/PXL_20250306_085111020-1153x1536.jpg 1153w, https:\/\/kunstundbildung.de\/wp-content\/uploads\/2025\/04\/PXL_20250306_085111020-1538x2048.jpg 1538w, https:\/\/kunstundbildung.de\/wp-content\/uploads\/2025\/04\/PXL_20250306_085111020-scaled.jpg 1922w\" sizes=\"auto, (max-width: 769px) 100vw, 769px\" \/><\/figure>\n\n\n\n<figure class=\"wp-block-image size-large is-resized\"><img loading=\"lazy\" decoding=\"async\" width=\"769\" height=\"1024\" src=\"https:\/\/kunstundbildung.de\/wp-content\/uploads\/2025\/04\/PXL_20250226_121925916-769x1024.jpg\" alt=\"\" class=\"wp-image-477\" style=\"width:523px;height:auto\" srcset=\"https:\/\/kunstundbildung.de\/wp-content\/uploads\/2025\/04\/PXL_20250226_121925916-769x1024.jpg 769w, https:\/\/kunstundbildung.de\/wp-content\/uploads\/2025\/04\/PXL_20250226_121925916-225x300.jpg 225w, https:\/\/kunstundbildung.de\/wp-content\/uploads\/2025\/04\/PXL_20250226_121925916-768x1023.jpg 768w, https:\/\/kunstundbildung.de\/wp-content\/uploads\/2025\/04\/PXL_20250226_121925916-1153x1536.jpg 1153w, https:\/\/kunstundbildung.de\/wp-content\/uploads\/2025\/04\/PXL_20250226_121925916-1538x2048.jpg 1538w, https:\/\/kunstundbildung.de\/wp-content\/uploads\/2025\/04\/PXL_20250226_121925916-scaled.jpg 1922w\" sizes=\"auto, (max-width: 769px) 100vw, 769px\" \/><\/figure>\n<\/div>\n\n\n\n<p>Es kommen Fotos aus Babelsberg hinzu die einen im Eingangsbereich des Geb\u00e4udes zu den Karten begleiten. Erleben mehrere Kinder denselben Ort als bedeutsam, wird er zu einem gemeinsamen Bezugspunkt. Es entsteht ein Resonanzraum f\u00fcr Gemeinschaft, in dem individuelle Erfahrungen miteinander in Verbindung treten und ein Gef\u00fchl der Zusammengeh\u00f6rigkeit st\u00e4rken k\u00f6nnen.<\/p>\n\n\n<ol class=\"wp-block-footnotes\"><li id=\"cca23750-d894-4dbc-867d-22ff37999574\"><sub>Bachem, Rahel, 2021 Geheime Orte. Journal der grund_schule der k\u00fcnste, hrsg. von Kirsten Winderlich. (03.01.25)<\/sub> <a href=\"#cca23750-d894-4dbc-867d-22ff37999574-link\" aria-label=\"Zur Fu\u00dfnotenreferenz 1 navigieren\">\u21a9\ufe0e<\/a><\/li><\/ol>\n\n\n<p><br><br><sub>Ort: Evangelische Grundschule Babelsberg<br>Projektleiterin: Anna Charlotte Vogler, Anna Jahn (Kunstlehrkr\u00e4fte) <\/sub><br><sub>Gruppe: begonnen mit 1-3. Klasse (26 Sch\u00fclerinnen)<br>Zeitraum: Dez. 2024 &#8211; Apr. 2025<\/sub><br><br><\/p>\n\n\n\n<p><\/p>\n","protected":false},"excerpt":{"rendered":"<p>Ein Ort kann nicht nur als ein physisch existierender Ort, sondern auch als subjektiver Bedeutungstr\u00e4ger sowie Schnittstelle f\u00fcr Verbindungen verstanden werden. Ausgehend von dieser These wollen wir einen interaktiven, f\u00fcr alle nutzbaren Ort entstehen lassen, der verbindet. Da viele Kinder in dem Einzugsgebiet Potsdam insbesondere Potsdam Babelsberg wohnen, entstehen hierzu zwei Karten.W\u00e4hrend wir als Projektleitende [&hellip;]<\/p>\n","protected":false},"author":2,"featured_media":478,"comment_status":"closed","ping_status":"closed","sticky":false,"template":"","format":"standard","meta":{"site-sidebar-layout":"default","site-content-layout":"","ast-site-content-layout":"normal-width-container","site-content-style":"default","site-sidebar-style":"default","ast-global-header-display":"","ast-banner-title-visibility":"","ast-main-header-display":"","ast-hfb-above-header-display":"","ast-hfb-below-header-display":"","ast-hfb-mobile-header-display":"","site-post-title":"","ast-breadcrumbs-content":"","ast-featured-img":"","footer-sml-layout":"","ast-disable-related-posts":"","theme-transparent-header-meta":"","adv-header-id-meta":"","stick-header-meta":"","header-above-stick-meta":"","header-main-stick-meta":"","header-below-stick-meta":"","astra-migrate-meta-layouts":"default","ast-page-background-enabled":"default","ast-page-background-meta":{"desktop":{"background-color":"var(--ast-global-color-4)","background-image":"","background-repeat":"repeat","background-position":"center center","background-size":"auto","background-attachment":"scroll","background-type":"","background-media":"","overlay-type":"","overlay-color":"","overlay-opacity":"","overlay-gradient":""},"tablet":{"background-color":"","background-image":"","background-repeat":"repeat","background-position":"center center","background-size":"auto","background-attachment":"scroll","background-type":"","background-media":"","overlay-type":"","overlay-color":"","overlay-opacity":"","overlay-gradient":""},"mobile":{"background-color":"","background-image":"","background-repeat":"repeat","background-position":"center center","background-size":"auto","background-attachment":"scroll","background-type":"","background-media":"","overlay-type":"","overlay-color":"","overlay-opacity":"","overlay-gradient":""}},"ast-content-background-meta":{"desktop":{"background-color":"var(--ast-global-color-5)","background-image":"","background-repeat":"repeat","background-position":"center center","background-size":"auto","background-attachment":"scroll","background-type":"","background-media":"","overlay-type":"","overlay-color":"","overlay-opacity":"","overlay-gradient":""},"tablet":{"background-color":"var(--ast-global-color-5)","background-image":"","background-repeat":"repeat","background-position":"center center","background-size":"auto","background-attachment":"scroll","background-type":"","background-media":"","overlay-type":"","overlay-color":"","overlay-opacity":"","overlay-gradient":""},"mobile":{"background-color":"var(--ast-global-color-5)","background-image":"","background-repeat":"repeat","background-position":"center center","background-size":"auto","background-attachment":"scroll","background-type":"","background-media":"","overlay-type":"","overlay-color":"","overlay-opacity":"","overlay-gradient":""}},"footnotes":"[{\"content\":\"<sub>Bachem, Rahel, 2021 Geheime Orte. Journal der grund_schule der k\u00fcnste, hrsg. von Kirsten Winderlich. (03.01.25)<\/sub>\",\"id\":\"cca23750-d894-4dbc-867d-22ff37999574\"}]"},"categories":[1,7],"tags":[],"class_list":["post-476","post","type-post","status-publish","format-standard","has-post-thumbnail","hentry","category-allgemein","category-orte"],"rttpg_featured_image_url":{"full":["https:\/\/kunstundbildung.de\/wp-content\/uploads\/2025\/04\/PXL_20250306_085111020-scaled.jpg",1922,2560,false],"landscape":["https:\/\/kunstundbildung.de\/wp-content\/uploads\/2025\/04\/PXL_20250306_085111020-scaled.jpg",1922,2560,false],"portraits":["https:\/\/kunstundbildung.de\/wp-content\/uploads\/2025\/04\/PXL_20250306_085111020-scaled.jpg",1922,2560,false],"thumbnail":["https:\/\/kunstundbildung.de\/wp-content\/uploads\/2025\/04\/PXL_20250306_085111020-150x150.jpg",150,150,true],"medium":["https:\/\/kunstundbildung.de\/wp-content\/uploads\/2025\/04\/PXL_20250306_085111020-225x300.jpg",225,300,true],"large":["https:\/\/kunstundbildung.de\/wp-content\/uploads\/2025\/04\/PXL_20250306_085111020-769x1024.jpg",769,1024,true],"1536x1536":["https:\/\/kunstundbildung.de\/wp-content\/uploads\/2025\/04\/PXL_20250306_085111020-1153x1536.jpg",1153,1536,true],"2048x2048":["https:\/\/kunstundbildung.de\/wp-content\/uploads\/2025\/04\/PXL_20250306_085111020-1538x2048.jpg",1538,2048,true]},"rttpg_author":{"display_name":"Anna Jahn","author_link":"https:\/\/kunstundbildung.de\/?author=2"},"rttpg_comment":0,"rttpg_category":"<a href=\"https:\/\/kunstundbildung.de\/?cat=1\" rel=\"category\">Allgemein<\/a> <a href=\"https:\/\/kunstundbildung.de\/?cat=7\" rel=\"category\">Orte<\/a>","rttpg_excerpt":"Ein Ort kann nicht nur als ein physisch existierender Ort, sondern auch als subjektiver Bedeutungstr\u00e4ger sowie Schnittstelle f\u00fcr Verbindungen verstanden werden. Ausgehend von dieser These wollen wir einen interaktiven, f\u00fcr alle nutzbaren Ort entstehen lassen, der verbindet. Da viele Kinder in dem Einzugsgebiet Potsdam insbesondere Potsdam Babelsberg wohnen, entstehen hierzu zwei Karten.W\u00e4hrend wir als Projektleitende&hellip;","_links":{"self":[{"href":"https:\/\/kunstundbildung.de\/index.php?rest_route=\/wp\/v2\/posts\/476","targetHints":{"allow":["GET"]}}],"collection":[{"href":"https:\/\/kunstundbildung.de\/index.php?rest_route=\/wp\/v2\/posts"}],"about":[{"href":"https:\/\/kunstundbildung.de\/index.php?rest_route=\/wp\/v2\/types\/post"}],"author":[{"embeddable":true,"href":"https:\/\/kunstundbildung.de\/index.php?rest_route=\/wp\/v2\/users\/2"}],"replies":[{"embeddable":true,"href":"https:\/\/kunstundbildung.de\/index.php?rest_route=%2Fwp%2Fv2%2Fcomments&post=476"}],"version-history":[{"count":13,"href":"https:\/\/kunstundbildung.de\/index.php?rest_route=\/wp\/v2\/posts\/476\/revisions"}],"predecessor-version":[{"id":498,"href":"https:\/\/kunstundbildung.de\/index.php?rest_route=\/wp\/v2\/posts\/476\/revisions\/498"}],"wp:featuredmedia":[{"embeddable":true,"href":"https:\/\/kunstundbildung.de\/index.php?rest_route=\/wp\/v2\/media\/478"}],"wp:attachment":[{"href":"https:\/\/kunstundbildung.de\/index.php?rest_route=%2Fwp%2Fv2%2Fmedia&parent=476"}],"wp:term":[{"taxonomy":"category","embeddable":true,"href":"https:\/\/kunstundbildung.de\/index.php?rest_route=%2Fwp%2Fv2%2Fcategories&post=476"},{"taxonomy":"post_tag","embeddable":true,"href":"https:\/\/kunstundbildung.de\/index.php?rest_route=%2Fwp%2Fv2%2Ftags&post=476"}],"curies":[{"name":"wp","href":"https:\/\/api.w.org\/{rel}","templated":true}]}}